{"id":293976,"date":"2024-11-19T13:02:48","date_gmt":"2024-11-19T12:02:48","guid":{"rendered":"https:\/\/os-milna.skole.hr\/?p=293976"},"modified":"2024-11-19T13:03:18","modified_gmt":"2024-11-19T12:03:18","slug":"dan-sjecanja-na-zrtve-domovinskog-rata-i-dan-sjecanja-na-zrtvu-vukovara-i-skabrnje","status":"publish","type":"post","link":"https:\/\/os-milna.skole.hr\/?p=293976","title":{"rendered":"Dan sje\u0107anja na \u017ertve Domovinskog rata i Dan sje\u0107anja na \u017ertvu Vukovara i \u0160kabrnje"},"content":{"rendered":"\n<p>U petak, 22. studenog smo u na\u0161oj \u0161koli obilje\u017eili Dan sje\u0107anja na \u017ertve Domovinskog rata i Dan sje\u0107anja na \u017ertvu Vukovara i \u0160kabrnje. Na prigodan na\u010din uz paljenje svije\u0107a, djeci smo pribli\u017eili osje\u0107aj zajedni\u0161tva, mira i zahvalnosti.<\/p>\n\n\n\n<figure class=\"wp-block-gallery has-nested-images columns-default is-cropped wp-block-gallery-1 is-layout-flex wp-block-gallery-is-layout-flex\">\n<figure class=\"wp-block-image size-large\"><img decoding=\"async\" width=\"1024\" height=\"471\" data-id=\"293988\" src=\"https:\/\/os-milna.skole.hr\/wp-content\/uploads\/sites\/2075\/2024\/11\/WhatsApp-Image-2024-11-15-at-10.54.32-1-1024x471.jpeg\" alt=\"\" class=\"wp-image-293988\" srcset=\"https:\/\/os-milna.skole.hr\/wp-content\/uploads\/sites\/2075\/2024\/11\/WhatsApp-Image-2024-11-15-at-10.54.32-1-980x451.jpeg 980w, https:\/\/os-milna.skole.hr\/wp-content\/uploads\/sites\/2075\/2024\/11\/WhatsApp-Image-2024-11-15-at-10.54.32-1-480x221.jpeg 480w\" sizes=\"(min-width: 0px) and (max-width: 480px) 480px, (min-width: 481px) and (max-width: 980px) 980px, (min-width: 981px) 1024px, 100vw\" \/><\/figure>\n<\/figure>\n\n\n\n<figure class=\"wp-block-image size-large\"><img decoding=\"async\" width=\"1024\" height=\"471\" src=\"https:\/\/os-milna.skole.hr\/wp-content\/uploads\/sites\/2075\/2024\/11\/WhatsApp-Image-2024-11-15-at-10.54.31-1-1-1024x471.jpeg\" alt=\"\" class=\"wp-image-293991\" srcset=\"https:\/\/os-milna.skole.hr\/wp-content\/uploads\/sites\/2075\/2024\/11\/WhatsApp-Image-2024-11-15-at-10.54.31-1-1-980x451.jpeg 980w, https:\/\/os-milna.skole.hr\/wp-content\/uploads\/sites\/2075\/2024\/11\/WhatsApp-Image-2024-11-15-at-10.54.31-1-1-480x221.jpeg 480w\" sizes=\"(min-width: 0px) and (max-width: 480px) 480px, (min-width: 481px) and (max-width: 980px) 980px, (min-width: 981px) 1024px, 100vw\" \/><\/figure>\n","protected":false},"excerpt":{"rendered":"<p>U petak, 22. studenog smo u na\u0161oj \u0161koli obilje\u017eili Dan sje\u0107anja na \u017ertve Domovinskog rata i Dan sje\u0107anja na \u017ertvu Vukovara i \u0160kabrnje. Na prigodan na\u010din uz paljenje svije\u0107a, djeci smo pribli\u017eili osje\u0107aj zajedni\u0161tva, mira i zahvalnosti.<\/p>\n","protected":false},"author":3350,"featured_media":293985,"comment_status":"closed","ping_status":"closed","sticky":false,"template":"","format":"standard","meta":{"_et_pb_use_builder":"off","_et_pb_old_content":"","_et_gb_content_width":"","footnotes":""},"categories":[1],"tags":[],"class_list":["post-293976","post","type-post","status-publish","format-standard","has-post-thumbnail","hentry","category-nekategorizirano"],"_links":{"self":[{"href":"https:\/\/os-milna.skole.hr\/index.php?rest_route=\/wp\/v2\/posts\/293976","targetHints":{"allow":["GET"]}}],"collection":[{"href":"https:\/\/os-milna.skole.hr\/index.php?rest_route=\/wp\/v2\/posts"}],"about":[{"href":"https:\/\/os-milna.skole.hr\/index.php?rest_route=\/wp\/v2\/types\/post"}],"author":[{"embeddable":true,"href":"https:\/\/os-milna.skole.hr\/index.php?rest_route=\/wp\/v2\/users\/3350"}],"replies":[{"embeddable":true,"href":"https:\/\/os-milna.skole.hr\/index.php?rest_route=%2Fwp%2Fv2%2Fcomments&post=293976"}],"version-history":[{"count":1,"href":"https:\/\/os-milna.skole.hr\/index.php?rest_route=\/wp\/v2\/posts\/293976\/revisions"}],"predecessor-version":[{"id":293994,"href":"https:\/\/os-milna.skole.hr\/index.php?rest_route=\/wp\/v2\/posts\/293976\/revisions\/293994"}],"wp:featuredmedia":[{"embeddable":true,"href":"https:\/\/os-milna.skole.hr\/index.php?rest_route=\/wp\/v2\/media\/293985"}],"wp:attachment":[{"href":"https:\/\/os-milna.skole.hr\/index.php?rest_route=%2Fwp%2Fv2%2Fmedia&parent=293976"}],"wp:term":[{"taxonomy":"category","embeddable":true,"href":"https:\/\/os-milna.skole.hr\/index.php?rest_route=%2Fwp%2Fv2%2Fcategories&post=293976"},{"taxonomy":"post_tag","embeddable":true,"href":"https:\/\/os-milna.skole.hr\/index.php?rest_route=%2Fwp%2Fv2%2Ftags&post=293976"}],"curies":[{"name":"wp","href":"https:\/\/api.w.org\/{rel}","templated":true}]}}