{"id":294525,"date":"2025-03-05T12:48:07","date_gmt":"2025-03-05T11:48:07","guid":{"rendered":"https:\/\/os-milna.skole.hr\/?p=294525"},"modified":"2025-03-05T12:48:07","modified_gmt":"2025-03-05T11:48:07","slug":"slavljenje-karnevala-u-nasoj-skoli","status":"publish","type":"post","link":"https:\/\/os-milna.skole.hr\/?p=294525","title":{"rendered":"Slavljenje karnevala u na\u0161oj \u0161koli"},"content":{"rendered":"\n<p>Karitativna grupa slavila je karneval u na\u0161oj \u0161koli pripremanjem krafnica! U\u010denici su mijesili tijesto, pratili postupak i nestrpljivo \u010dekali prvi griz!<\/p>\n\n\n\n<figure class=\"wp-block-gallery has-nested-images columns-default is-cropped wp-block-gallery-1 is-layout-flex wp-block-gallery-is-layout-flex\">\n<figure class=\"wp-block-image size-large\"><img decoding=\"async\" width=\"1024\" height=\"768\" data-id=\"294549\" src=\"https:\/\/os-milna.skole.hr\/wp-content\/uploads\/sites\/2075\/2025\/03\/WhatsApp-Image-2025-02-21-at-09.15.03-2-1024x768.jpeg\" alt=\"\" class=\"wp-image-294549\" srcset=\"https:\/\/os-milna.skole.hr\/wp-content\/uploads\/sites\/2075\/2025\/03\/WhatsApp-Image-2025-02-21-at-09.15.03-2-980x735.jpeg 980w, https:\/\/os-milna.skole.hr\/wp-content\/uploads\/sites\/2075\/2025\/03\/WhatsApp-Image-2025-02-21-at-09.15.03-2-480x360.jpeg 480w\" sizes=\"(min-width: 0px) and (max-width: 480px) 480px, (min-width: 481px) and (max-width: 980px) 980px, (min-width: 981px) 1024px, 100vw\" \/><\/figure>\n\n\n\n<figure class=\"wp-block-image size-large\"><img decoding=\"async\" width=\"768\" height=\"1024\" data-id=\"294558\" src=\"https:\/\/os-milna.skole.hr\/wp-content\/uploads\/sites\/2075\/2025\/03\/WhatsApp-Image-2025-02-21-at-09.15.03-1-768x1024.jpeg\" alt=\"\" class=\"wp-image-294558\" srcset=\"https:\/\/os-milna.skole.hr\/wp-content\/uploads\/sites\/2075\/2025\/03\/WhatsApp-Image-2025-02-21-at-09.15.03-1-768x1024.jpeg 768w, https:\/\/os-milna.skole.hr\/wp-content\/uploads\/sites\/2075\/2025\/03\/WhatsApp-Image-2025-02-21-at-09.15.03-1-480x640.jpeg 480w\" sizes=\"(min-width: 0px) and (max-width: 480px) 480px, (min-width: 481px) 768px, 100vw\" \/><\/figure>\n\n\n\n<figure class=\"wp-block-image size-large\"><img decoding=\"async\" width=\"768\" height=\"1024\" data-id=\"294555\" src=\"https:\/\/os-milna.skole.hr\/wp-content\/uploads\/sites\/2075\/2025\/03\/WhatsApp-Image-2025-02-21-at-09.15.03-768x1024.jpeg\" alt=\"\" class=\"wp-image-294555\" srcset=\"https:\/\/os-milna.skole.hr\/wp-content\/uploads\/sites\/2075\/2025\/03\/WhatsApp-Image-2025-02-21-at-09.15.03-768x1024.jpeg 768w, https:\/\/os-milna.skole.hr\/wp-content\/uploads\/sites\/2075\/2025\/03\/WhatsApp-Image-2025-02-21-at-09.15.03-480x640.jpeg 480w\" sizes=\"(min-width: 0px) and (max-width: 480px) 480px, (min-width: 481px) 768px, 100vw\" \/><\/figure>\n\n\n\n<figure class=\"wp-block-image size-large\"><img decoding=\"async\" width=\"768\" height=\"1024\" data-id=\"294552\" src=\"https:\/\/os-milna.skole.hr\/wp-content\/uploads\/sites\/2075\/2025\/03\/WhatsApp-Image-2025-02-21-at-09.15.02-768x1024.jpeg\" alt=\"\" class=\"wp-image-294552\" srcset=\"https:\/\/os-milna.skole.hr\/wp-content\/uploads\/sites\/2075\/2025\/03\/WhatsApp-Image-2025-02-21-at-09.15.02-768x1024.jpeg 768w, https:\/\/os-milna.skole.hr\/wp-content\/uploads\/sites\/2075\/2025\/03\/WhatsApp-Image-2025-02-21-at-09.15.02-480x640.jpeg 480w\" sizes=\"(min-width: 0px) and (max-width: 480px) 480px, (min-width: 481px) 768px, 100vw\" \/><\/figure>\n<\/figure>\n","protected":false},"excerpt":{"rendered":"<p>Karitativna grupa slavila je karneval u na\u0161oj \u0161koli pripremanjem krafnica! U\u010denici su mijesili tijesto, pratili postupak i nestrpljivo \u010dekali prvi griz!<\/p>\n","protected":false},"author":7178,"featured_media":294549,"comment_status":"closed","ping_status":"closed","sticky":false,"template":"","format":"standard","meta":{"_et_pb_use_builder":"off","_et_pb_old_content":"","_et_gb_content_width":"","footnotes":""},"categories":[1],"tags":[],"class_list":["post-294525","post","type-post","status-publish","format-standard","has-post-thumbnail","hentry","category-nekategorizirano"],"_links":{"self":[{"href":"https:\/\/os-milna.skole.hr\/index.php?rest_route=\/wp\/v2\/posts\/294525","targetHints":{"allow":["GET"]}}],"collection":[{"href":"https:\/\/os-milna.skole.hr\/index.php?rest_route=\/wp\/v2\/posts"}],"about":[{"href":"https:\/\/os-milna.skole.hr\/index.php?rest_route=\/wp\/v2\/types\/post"}],"author":[{"embeddable":true,"href":"https:\/\/os-milna.skole.hr\/index.php?rest_route=\/wp\/v2\/users\/7178"}],"replies":[{"embeddable":true,"href":"https:\/\/os-milna.skole.hr\/index.php?rest_route=%2Fwp%2Fv2%2Fcomments&post=294525"}],"version-history":[{"count":2,"href":"https:\/\/os-milna.skole.hr\/index.php?rest_route=\/wp\/v2\/posts\/294525\/revisions"}],"predecessor-version":[{"id":294561,"href":"https:\/\/os-milna.skole.hr\/index.php?rest_route=\/wp\/v2\/posts\/294525\/revisions\/294561"}],"wp:featuredmedia":[{"embeddable":true,"href":"https:\/\/os-milna.skole.hr\/index.php?rest_route=\/wp\/v2\/media\/294549"}],"wp:attachment":[{"href":"https:\/\/os-milna.skole.hr\/index.php?rest_route=%2Fwp%2Fv2%2Fmedia&parent=294525"}],"wp:term":[{"taxonomy":"category","embeddable":true,"href":"https:\/\/os-milna.skole.hr\/index.php?rest_route=%2Fwp%2Fv2%2Fcategories&post=294525"},{"taxonomy":"post_tag","embeddable":true,"href":"https:\/\/os-milna.skole.hr\/index.php?rest_route=%2Fwp%2Fv2%2Ftags&post=294525"}],"curies":[{"name":"wp","href":"https:\/\/api.w.org\/{rel}","templated":true}]}}