{"id":294585,"date":"2025-03-06T11:31:19","date_gmt":"2025-03-06T10:31:19","guid":{"rendered":"https:\/\/os-milna.skole.hr\/?p=294585"},"modified":"2025-03-06T12:38:27","modified_gmt":"2025-03-06T11:38:27","slug":"maskare-ca-mogu-maskare","status":"publish","type":"post","link":"https:\/\/os-milna.skole.hr\/?p=294585","title":{"rendered":"Ma\u0161kare \u010da mogu ma\u0161kare&#8230;"},"content":{"rendered":"\n<p>Ma\u0161kare u na\u0161oj \u0161koli 4. o\u017eujka 2025. bile su prava zabava! Djeca su se odli\u010dno zabavila u svojim kostimima, a atmosfera je bila fantasti\u010dna. S djecom DV Milna krenuli su u povorku koja je svoj vrhunac do\u017eivjela ispred Centra za kulturu Milna. U\u010denici su ispred Centra dobili sokove i plesali uz veselu glazbu. Nakon toga slijedio je odabir najbolje maske koji se, uz krafne i pjesmu, odvio u dvorani O\u0160 Milna.<\/p>\n\n\n\n<figure class=\"wp-block-gallery has-nested-images columns-default is-cropped wp-block-gallery-1 is-layout-flex wp-block-gallery-is-layout-flex\">\n<figure class=\"wp-block-image size-large\"><img decoding=\"async\" width=\"1024\" height=\"768\" data-id=\"294594\" src=\"https:\/\/os-milna.skole.hr\/wp-content\/uploads\/sites\/2075\/2025\/03\/WhatsApp-Image-2025-03-05-at-13.52.50-1024x768.jpeg\" alt=\"\" class=\"wp-image-294594\" srcset=\"https:\/\/os-milna.skole.hr\/wp-content\/uploads\/sites\/2075\/2025\/03\/WhatsApp-Image-2025-03-05-at-13.52.50-980x735.jpeg 980w, https:\/\/os-milna.skole.hr\/wp-content\/uploads\/sites\/2075\/2025\/03\/WhatsApp-Image-2025-03-05-at-13.52.50-480x360.jpeg 480w\" sizes=\"(min-width: 0px) and (max-width: 480px) 480px, (min-width: 481px) and (max-width: 980px) 980px, (min-width: 981px) 1024px, 100vw\" \/><\/figure>\n\n\n\n<figure class=\"wp-block-image size-large\"><img decoding=\"async\" width=\"768\" height=\"1024\" data-id=\"294588\" src=\"https:\/\/os-milna.skole.hr\/wp-content\/uploads\/sites\/2075\/2025\/03\/WhatsApp-Image-2025-03-05-at-13.52.28-1-768x1024.jpeg\" alt=\"\" class=\"wp-image-294588\" srcset=\"https:\/\/os-milna.skole.hr\/wp-content\/uploads\/sites\/2075\/2025\/03\/WhatsApp-Image-2025-03-05-at-13.52.28-1-768x1024.jpeg 768w, https:\/\/os-milna.skole.hr\/wp-content\/uploads\/sites\/2075\/2025\/03\/WhatsApp-Image-2025-03-05-at-13.52.28-1-480x640.jpeg 480w\" sizes=\"(min-width: 0px) and (max-width: 480px) 480px, (min-width: 481px) 768px, 100vw\" \/><\/figure>\n\n\n\n<figure class=\"wp-block-image size-large\"><img decoding=\"async\" width=\"768\" height=\"1024\" data-id=\"294591\" src=\"https:\/\/os-milna.skole.hr\/wp-content\/uploads\/sites\/2075\/2025\/03\/WhatsApp-Image-2025-03-05-at-13.52.28-768x1024.jpeg\" alt=\"\" class=\"wp-image-294591\" srcset=\"https:\/\/os-milna.skole.hr\/wp-content\/uploads\/sites\/2075\/2025\/03\/WhatsApp-Image-2025-03-05-at-13.52.28-768x1024.jpeg 768w, https:\/\/os-milna.skole.hr\/wp-content\/uploads\/sites\/2075\/2025\/03\/WhatsApp-Image-2025-03-05-at-13.52.28-480x640.jpeg 480w\" sizes=\"(min-width: 0px) and (max-width: 480px) 480px, (min-width: 481px) 768px, 100vw\" \/><\/figure>\n<\/figure>\n","protected":false},"excerpt":{"rendered":"<p>Ma\u0161kare u na\u0161oj \u0161koli 4. o\u017eujka 2025. bile su prava zabava! Djeca su se odli\u010dno zabavila u svojim kostimima, a atmosfera je bila fantasti\u010dna. S djecom DV Milna krenuli su u povorku koja je svoj vrhunac do\u017eivjela ispred Centra za kulturu Milna. U\u010denici su ispred Centra dobili sokove i plesali uz veselu glazbu. Nakon toga [&hellip;]<\/p>\n","protected":false},"author":3350,"featured_media":294588,"comment_status":"closed","ping_status":"closed","sticky":false,"template":"","format":"standard","meta":{"_et_pb_use_builder":"off","_et_pb_old_content":"","_et_gb_content_width":"","footnotes":""},"categories":[1],"tags":[],"class_list":["post-294585","post","type-post","status-publish","format-standard","has-post-thumbnail","hentry","category-nekategorizirano"],"_links":{"self":[{"href":"https:\/\/os-milna.skole.hr\/index.php?rest_route=\/wp\/v2\/posts\/294585","targetHints":{"allow":["GET"]}}],"collection":[{"href":"https:\/\/os-milna.skole.hr\/index.php?rest_route=\/wp\/v2\/posts"}],"about":[{"href":"https:\/\/os-milna.skole.hr\/index.php?rest_route=\/wp\/v2\/types\/post"}],"author":[{"embeddable":true,"href":"https:\/\/os-milna.skole.hr\/index.php?rest_route=\/wp\/v2\/users\/3350"}],"replies":[{"embeddable":true,"href":"https:\/\/os-milna.skole.hr\/index.php?rest_route=%2Fwp%2Fv2%2Fcomments&post=294585"}],"version-history":[{"count":2,"href":"https:\/\/os-milna.skole.hr\/index.php?rest_route=\/wp\/v2\/posts\/294585\/revisions"}],"predecessor-version":[{"id":294615,"href":"https:\/\/os-milna.skole.hr\/index.php?rest_route=\/wp\/v2\/posts\/294585\/revisions\/294615"}],"wp:featuredmedia":[{"embeddable":true,"href":"https:\/\/os-milna.skole.hr\/index.php?rest_route=\/wp\/v2\/media\/294588"}],"wp:attachment":[{"href":"https:\/\/os-milna.skole.hr\/index.php?rest_route=%2Fwp%2Fv2%2Fmedia&parent=294585"}],"wp:term":[{"taxonomy":"category","embeddable":true,"href":"https:\/\/os-milna.skole.hr\/index.php?rest_route=%2Fwp%2Fv2%2Fcategories&post=294585"},{"taxonomy":"post_tag","embeddable":true,"href":"https:\/\/os-milna.skole.hr\/index.php?rest_route=%2Fwp%2Fv2%2Ftags&post=294585"}],"curies":[{"name":"wp","href":"https:\/\/api.w.org\/{rel}","templated":true}]}}