{"id":295474,"date":"2025-06-12T11:58:31","date_gmt":"2025-06-12T09:58:31","guid":{"rendered":"https:\/\/os-milna.skole.hr\/?p=295474"},"modified":"2025-06-12T11:58:45","modified_gmt":"2025-06-12T09:58:45","slug":"uspjeh-nike-simunovic-na-prvenstvu-jadranskih-otoka-u-karateu","status":"publish","type":"post","link":"https:\/\/os-milna.skole.hr\/?p=295474","title":{"rendered":"Uspjeh Nike \u0160imunovi\u0107 na Prvenstvu Jadranskih otoka u karateu"},"content":{"rendered":"\n<p class=\"has-medium-font-size\">Na prvenstvu Jadranskih otoka u karateu koje je odr\u017eano 25. svibnja 2025. g. u Dru\u0161tvenom domu Omi\u0161alj na otoku Krku. U\u010denica 3. razreda Nika \u0160imunovi\u0107 osvojila je dvije medalje. Jednu u kategoriji mla\u0111e u\u010denice 8-9 godina i drugu u kategoriji 10-11 godina. Me\u0111utim, ovo nisu Nikine jedine medalje. Nika je ponosna vlasnica zlatne medalje na Dr\u017eavnom prvenstvu u \u0110akovu, Me\u0111unarodnom turniru Kup Jadrana i Prvenstva Dalmacije. Ujedno je i \u017dupanijska prvakinja. \u010cestitamo na\u0161oj Niki i \u017eelimo jo\u0161 puno medalja u daljnjim natjecanjima.<\/p>\n\n\n\n<figure class=\"wp-block-gallery has-nested-images columns-default is-cropped wp-block-gallery-1 is-layout-flex wp-block-gallery-is-layout-flex\">\n<figure class=\"wp-block-image size-large\"><img decoding=\"async\" width=\"1024\" height=\"768\" data-id=\"295480\" src=\"https:\/\/os-milna.skole.hr\/wp-content\/uploads\/sites\/2075\/2025\/06\/WhatsApp-Image-2025-06-11-at-15.40.11-1024x768.jpeg\" alt=\"\" class=\"wp-image-295480\" srcset=\"https:\/\/os-milna.skole.hr\/wp-content\/uploads\/sites\/2075\/2025\/06\/WhatsApp-Image-2025-06-11-at-15.40.11-980x735.jpeg 980w, https:\/\/os-milna.skole.hr\/wp-content\/uploads\/sites\/2075\/2025\/06\/WhatsApp-Image-2025-06-11-at-15.40.11-480x360.jpeg 480w\" sizes=\"(min-width: 0px) and (max-width: 480px) 480px, (min-width: 481px) and (max-width: 980px) 980px, (min-width: 981px) 1024px, 100vw\" \/><\/figure>\n\n\n\n<figure class=\"wp-block-image size-large\"><img decoding=\"async\" width=\"768\" height=\"1024\" data-id=\"295477\" src=\"https:\/\/os-milna.skole.hr\/wp-content\/uploads\/sites\/2075\/2025\/06\/WhatsApp-Image-2025-06-11-at-15.40.10-768x1024.jpeg\" alt=\"\" class=\"wp-image-295477\" srcset=\"https:\/\/os-milna.skole.hr\/wp-content\/uploads\/sites\/2075\/2025\/06\/WhatsApp-Image-2025-06-11-at-15.40.10-768x1024.jpeg 768w, https:\/\/os-milna.skole.hr\/wp-content\/uploads\/sites\/2075\/2025\/06\/WhatsApp-Image-2025-06-11-at-15.40.10-480x640.jpeg 480w\" sizes=\"(min-width: 0px) and (max-width: 480px) 480px, (min-width: 481px) 768px, 100vw\" \/><\/figure>\n<\/figure>\n","protected":false},"excerpt":{"rendered":"<p>Na prvenstvu Jadranskih otoka u karateu koje je odr\u017eano 25. svibnja 2025. g. u Dru\u0161tvenom domu Omi\u0161alj na otoku Krku. U\u010denica 3. razreda Nika \u0160imunovi\u0107 osvojila je dvije medalje. Jednu u kategoriji mla\u0111e u\u010denice 8-9 godina i drugu u kategoriji 10-11 godina. Me\u0111utim, ovo nisu Nikine jedine medalje. Nika je ponosna vlasnica zlatne medalje na [&hellip;]<\/p>\n","protected":false},"author":3350,"featured_media":295477,"comment_status":"closed","ping_status":"closed","sticky":false,"template":"","format":"standard","meta":{"_et_pb_use_builder":"off","_et_pb_old_content":"","_et_gb_content_width":"","footnotes":""},"categories":[1],"tags":[],"class_list":["post-295474","post","type-post","status-publish","format-standard","has-post-thumbnail","hentry","category-nekategorizirano"],"_links":{"self":[{"href":"https:\/\/os-milna.skole.hr\/index.php?rest_route=\/wp\/v2\/posts\/295474","targetHints":{"allow":["GET"]}}],"collection":[{"href":"https:\/\/os-milna.skole.hr\/index.php?rest_route=\/wp\/v2\/posts"}],"about":[{"href":"https:\/\/os-milna.skole.hr\/index.php?rest_route=\/wp\/v2\/types\/post"}],"author":[{"embeddable":true,"href":"https:\/\/os-milna.skole.hr\/index.php?rest_route=\/wp\/v2\/users\/3350"}],"replies":[{"embeddable":true,"href":"https:\/\/os-milna.skole.hr\/index.php?rest_route=%2Fwp%2Fv2%2Fcomments&post=295474"}],"version-history":[{"count":1,"href":"https:\/\/os-milna.skole.hr\/index.php?rest_route=\/wp\/v2\/posts\/295474\/revisions"}],"predecessor-version":[{"id":295483,"href":"https:\/\/os-milna.skole.hr\/index.php?rest_route=\/wp\/v2\/posts\/295474\/revisions\/295483"}],"wp:featuredmedia":[{"embeddable":true,"href":"https:\/\/os-milna.skole.hr\/index.php?rest_route=\/wp\/v2\/media\/295477"}],"wp:attachment":[{"href":"https:\/\/os-milna.skole.hr\/index.php?rest_route=%2Fwp%2Fv2%2Fmedia&parent=295474"}],"wp:term":[{"taxonomy":"category","embeddable":true,"href":"https:\/\/os-milna.skole.hr\/index.php?rest_route=%2Fwp%2Fv2%2Fcategories&post=295474"},{"taxonomy":"post_tag","embeddable":true,"href":"https:\/\/os-milna.skole.hr\/index.php?rest_route=%2Fwp%2Fv2%2Ftags&post=295474"}],"curies":[{"name":"wp","href":"https:\/\/api.w.org\/{rel}","templated":true}]}}