{"id":296145,"date":"2025-12-12T10:20:30","date_gmt":"2025-12-12T09:20:30","guid":{"rendered":"https:\/\/os-milna.skole.hr\/?p=296145"},"modified":"2025-12-12T10:20:31","modified_gmt":"2025-12-12T09:20:31","slug":"crna-knjiga-djeda-mraza","status":"publish","type":"post","link":"https:\/\/os-milna.skole.hr\/?p=296145","title":{"rendered":"Crna knjiga Djeda mraza"},"content":{"rendered":"\n<p class=\"has-medium-font-size\">Dana 4.12.2025. godine u\u010denici od prvog do \u010detvrtog razreda posjetili su grad Split te su razgledali grad za vrijeme Adventa. Pogledali su prigodnu kazali\u0161nu predstavu \u201cCrna knjiga Djeda Mraza\u201d u Gradskom kazali\u0161tu lutaka, nakon \u010dega je slijedio zabavni obilazak Muzeja iluzija.<\/p>\n\n\n\n<figure class=\"wp-block-gallery has-nested-images columns-default is-cropped wp-block-gallery-1 is-layout-flex wp-block-gallery-is-layout-flex\">\n<figure class=\"wp-block-image size-large\"><img decoding=\"async\" width=\"1024\" height=\"768\" data-id=\"296148\" src=\"https:\/\/os-milna.skole.hr\/wp-content\/uploads\/sites\/2075\/2025\/12\/WhatsApp-Image-2025-12-12-at-09.20.27-1024x768.jpeg\" alt=\"\" class=\"wp-image-296148\" srcset=\"https:\/\/os-milna.skole.hr\/wp-content\/uploads\/sites\/2075\/2025\/12\/WhatsApp-Image-2025-12-12-at-09.20.27-980x735.jpeg 980w, https:\/\/os-milna.skole.hr\/wp-content\/uploads\/sites\/2075\/2025\/12\/WhatsApp-Image-2025-12-12-at-09.20.27-480x360.jpeg 480w\" sizes=\"(min-width: 0px) and (max-width: 480px) 480px, (min-width: 481px) and (max-width: 980px) 980px, (min-width: 981px) 1024px, 100vw\" \/><\/figure>\n\n\n\n<figure class=\"wp-block-image size-large\"><img decoding=\"async\" width=\"768\" height=\"1024\" data-id=\"296151\" src=\"https:\/\/os-milna.skole.hr\/wp-content\/uploads\/sites\/2075\/2025\/12\/WhatsApp-Image-2025-12-12-at-08.45.21-768x1024.jpeg\" alt=\"\" class=\"wp-image-296151\" srcset=\"https:\/\/os-milna.skole.hr\/wp-content\/uploads\/sites\/2075\/2025\/12\/WhatsApp-Image-2025-12-12-at-08.45.21-768x1024.jpeg 768w, https:\/\/os-milna.skole.hr\/wp-content\/uploads\/sites\/2075\/2025\/12\/WhatsApp-Image-2025-12-12-at-08.45.21-480x640.jpeg 480w\" sizes=\"(min-width: 0px) and (max-width: 480px) 480px, (min-width: 481px) 768px, 100vw\" \/><\/figure>\n\n\n\n<figure class=\"wp-block-image size-large\"><img decoding=\"async\" width=\"768\" height=\"1024\" data-id=\"296154\" src=\"https:\/\/os-milna.skole.hr\/wp-content\/uploads\/sites\/2075\/2025\/12\/WhatsApp-Image-2025-12-12-at-08.45.20-1-768x1024.jpeg\" alt=\"\" class=\"wp-image-296154\" srcset=\"https:\/\/os-milna.skole.hr\/wp-content\/uploads\/sites\/2075\/2025\/12\/WhatsApp-Image-2025-12-12-at-08.45.20-1-768x1024.jpeg 768w, https:\/\/os-milna.skole.hr\/wp-content\/uploads\/sites\/2075\/2025\/12\/WhatsApp-Image-2025-12-12-at-08.45.20-1-480x640.jpeg 480w\" sizes=\"(min-width: 0px) and (max-width: 480px) 480px, (min-width: 481px) 768px, 100vw\" \/><\/figure>\n\n\n\n<figure class=\"wp-block-image size-large\"><img decoding=\"async\" width=\"768\" height=\"1024\" data-id=\"296157\" src=\"https:\/\/os-milna.skole.hr\/wp-content\/uploads\/sites\/2075\/2025\/12\/WhatsApp-Image-2025-12-12-at-08.45.20-768x1024.jpeg\" alt=\"\" class=\"wp-image-296157\" srcset=\"https:\/\/os-milna.skole.hr\/wp-content\/uploads\/sites\/2075\/2025\/12\/WhatsApp-Image-2025-12-12-at-08.45.20-768x1024.jpeg 768w, https:\/\/os-milna.skole.hr\/wp-content\/uploads\/sites\/2075\/2025\/12\/WhatsApp-Image-2025-12-12-at-08.45.20-480x640.jpeg 480w\" sizes=\"(min-width: 0px) and (max-width: 480px) 480px, (min-width: 481px) 768px, 100vw\" \/><\/figure>\n<\/figure>\n","protected":false},"excerpt":{"rendered":"<p>Dana 4.12.2025. godine u\u010denici od prvog do \u010detvrtog razreda posjetili su grad Split te su razgledali grad za vrijeme Adventa. Pogledali su prigodnu kazali\u0161nu predstavu \u201cCrna knjiga Djeda Mraza\u201d u Gradskom kazali\u0161tu lutaka, nakon \u010dega je slijedio zabavni obilazak Muzeja iluzija.<\/p>\n","protected":false},"author":3350,"featured_media":296151,"comment_status":"closed","ping_status":"closed","sticky":false,"template":"","format":"standard","meta":{"_et_pb_use_builder":"off","_et_pb_old_content":"","_et_gb_content_width":"","footnotes":""},"categories":[1],"tags":[],"class_list":["post-296145","post","type-post","status-publish","format-standard","has-post-thumbnail","hentry","category-nekategorizirano"],"_links":{"self":[{"href":"https:\/\/os-milna.skole.hr\/index.php?rest_route=\/wp\/v2\/posts\/296145","targetHints":{"allow":["GET"]}}],"collection":[{"href":"https:\/\/os-milna.skole.hr\/index.php?rest_route=\/wp\/v2\/posts"}],"about":[{"href":"https:\/\/os-milna.skole.hr\/index.php?rest_route=\/wp\/v2\/types\/post"}],"author":[{"embeddable":true,"href":"https:\/\/os-milna.skole.hr\/index.php?rest_route=\/wp\/v2\/users\/3350"}],"replies":[{"embeddable":true,"href":"https:\/\/os-milna.skole.hr\/index.php?rest_route=%2Fwp%2Fv2%2Fcomments&post=296145"}],"version-history":[{"count":1,"href":"https:\/\/os-milna.skole.hr\/index.php?rest_route=\/wp\/v2\/posts\/296145\/revisions"}],"predecessor-version":[{"id":296160,"href":"https:\/\/os-milna.skole.hr\/index.php?rest_route=\/wp\/v2\/posts\/296145\/revisions\/296160"}],"wp:featuredmedia":[{"embeddable":true,"href":"https:\/\/os-milna.skole.hr\/index.php?rest_route=\/wp\/v2\/media\/296151"}],"wp:attachment":[{"href":"https:\/\/os-milna.skole.hr\/index.php?rest_route=%2Fwp%2Fv2%2Fmedia&parent=296145"}],"wp:term":[{"taxonomy":"category","embeddable":true,"href":"https:\/\/os-milna.skole.hr\/index.php?rest_route=%2Fwp%2Fv2%2Fcategories&post=296145"},{"taxonomy":"post_tag","embeddable":true,"href":"https:\/\/os-milna.skole.hr\/index.php?rest_route=%2Fwp%2Fv2%2Ftags&post=296145"}],"curies":[{"name":"wp","href":"https:\/\/api.w.org\/{rel}","templated":true}]}}