{"id":296163,"date":"2025-12-12T10:21:41","date_gmt":"2025-12-12T09:21:41","guid":{"rendered":"https:\/\/os-milna.skole.hr\/?p=296163"},"modified":"2025-12-12T10:21:42","modified_gmt":"2025-12-12T09:21:42","slug":"priredba-povodom-svetog-nikole","status":"publish","type":"post","link":"https:\/\/os-milna.skole.hr\/?p=296163","title":{"rendered":"Priredba povodom Svetog Nikole"},"content":{"rendered":"\n<p>U\u010denici sedmog razreda na\u0161e \u0161kole obilje\u017eili su ove subote, blagdan Svetog Nikole kratkim, ali vrlo zabavnim ske\u010dom. Djeca su uz puno smijeha i vedrine izvela duhovit ske\u010d o dobroti Svetog Nikole.<br>Svojim nastupom pokazali su kreativnost, hrabrost i pravi blagdanski duh.<\/p>\n\n\n\n<figure class=\"wp-block-gallery has-nested-images columns-default is-cropped wp-block-gallery-1 is-layout-flex wp-block-gallery-is-layout-flex\">\n<figure class=\"wp-block-image size-large\"><img decoding=\"async\" width=\"768\" height=\"1024\" data-id=\"296166\" src=\"https:\/\/os-milna.skole.hr\/wp-content\/uploads\/sites\/2075\/2025\/12\/WhatsApp-Image-2025-12-06-at-14.02.39-1-768x1024.jpeg\" alt=\"\" class=\"wp-image-296166\" srcset=\"https:\/\/os-milna.skole.hr\/wp-content\/uploads\/sites\/2075\/2025\/12\/WhatsApp-Image-2025-12-06-at-14.02.39-1-768x1024.jpeg 768w, https:\/\/os-milna.skole.hr\/wp-content\/uploads\/sites\/2075\/2025\/12\/WhatsApp-Image-2025-12-06-at-14.02.39-1-480x640.jpeg 480w\" sizes=\"(min-width: 0px) and (max-width: 480px) 480px, (min-width: 481px) 768px, 100vw\" \/><\/figure>\n\n\n\n<figure class=\"wp-block-image size-large\"><img decoding=\"async\" width=\"768\" height=\"1024\" data-id=\"296169\" src=\"https:\/\/os-milna.skole.hr\/wp-content\/uploads\/sites\/2075\/2025\/12\/WhatsApp-Image-2025-12-06-at-14.02.39-768x1024.jpeg\" alt=\"\" class=\"wp-image-296169\" srcset=\"https:\/\/os-milna.skole.hr\/wp-content\/uploads\/sites\/2075\/2025\/12\/WhatsApp-Image-2025-12-06-at-14.02.39-768x1024.jpeg 768w, https:\/\/os-milna.skole.hr\/wp-content\/uploads\/sites\/2075\/2025\/12\/WhatsApp-Image-2025-12-06-at-14.02.39-480x640.jpeg 480w\" sizes=\"(min-width: 0px) and (max-width: 480px) 480px, (min-width: 481px) 768px, 100vw\" \/><\/figure>\n<\/figure>\n","protected":false},"excerpt":{"rendered":"<p>U\u010denici sedmog razreda na\u0161e \u0161kole obilje\u017eili su ove subote, blagdan Svetog Nikole kratkim, ali vrlo zabavnim ske\u010dom. Djeca su uz puno smijeha i vedrine izvela duhovit ske\u010d o dobroti Svetog Nikole.Svojim nastupom pokazali su kreativnost, hrabrost i pravi blagdanski duh.<\/p>\n","protected":false},"author":3350,"featured_media":296166,"comment_status":"closed","ping_status":"closed","sticky":false,"template":"","format":"standard","meta":{"_et_pb_use_builder":"off","_et_pb_old_content":"","_et_gb_content_width":"","footnotes":""},"categories":[1],"tags":[],"class_list":["post-296163","post","type-post","status-publish","format-standard","has-post-thumbnail","hentry","category-nekategorizirano"],"_links":{"self":[{"href":"https:\/\/os-milna.skole.hr\/index.php?rest_route=\/wp\/v2\/posts\/296163","targetHints":{"allow":["GET"]}}],"collection":[{"href":"https:\/\/os-milna.skole.hr\/index.php?rest_route=\/wp\/v2\/posts"}],"about":[{"href":"https:\/\/os-milna.skole.hr\/index.php?rest_route=\/wp\/v2\/types\/post"}],"author":[{"embeddable":true,"href":"https:\/\/os-milna.skole.hr\/index.php?rest_route=\/wp\/v2\/users\/3350"}],"replies":[{"embeddable":true,"href":"https:\/\/os-milna.skole.hr\/index.php?rest_route=%2Fwp%2Fv2%2Fcomments&post=296163"}],"version-history":[{"count":1,"href":"https:\/\/os-milna.skole.hr\/index.php?rest_route=\/wp\/v2\/posts\/296163\/revisions"}],"predecessor-version":[{"id":296172,"href":"https:\/\/os-milna.skole.hr\/index.php?rest_route=\/wp\/v2\/posts\/296163\/revisions\/296172"}],"wp:featuredmedia":[{"embeddable":true,"href":"https:\/\/os-milna.skole.hr\/index.php?rest_route=\/wp\/v2\/media\/296166"}],"wp:attachment":[{"href":"https:\/\/os-milna.skole.hr\/index.php?rest_route=%2Fwp%2Fv2%2Fmedia&parent=296163"}],"wp:term":[{"taxonomy":"category","embeddable":true,"href":"https:\/\/os-milna.skole.hr\/index.php?rest_route=%2Fwp%2Fv2%2Fcategories&post=296163"},{"taxonomy":"post_tag","embeddable":true,"href":"https:\/\/os-milna.skole.hr\/index.php?rest_route=%2Fwp%2Fv2%2Ftags&post=296163"}],"curies":[{"name":"wp","href":"https:\/\/api.w.org\/{rel}","templated":true}]}}