{"id":296175,"date":"2025-12-12T10:26:01","date_gmt":"2025-12-12T09:26:01","guid":{"rendered":"https:\/\/os-milna.skole.hr\/?p=296175"},"modified":"2025-12-12T10:26:23","modified_gmt":"2025-12-12T09:26:23","slug":"obiljezavanje-dana-sjecanja-na-vukovar","status":"publish","type":"post","link":"https:\/\/os-milna.skole.hr\/?p=296175","title":{"rendered":"Obilje\u017eavanje Dana sje\u0107anja na Vukovar"},"content":{"rendered":"\n<p>Ispred \u0161kole obilje\u017eili smo Dan sje\u0107anja na \u017ertvu Vukovara u dostojanstvenoj i emotivnoj atmosferi. Program je zapo\u010deo izvedbom \u0161kolskog zbora koji je otpjevao pjesmu \u201eMoja zemlja Hrvatska\u201c.<\/p>\n\n\n\n<p>U\u010denici Pave i Renzo recitirali su odabrane stihove Sini\u0161e Glava\u0161evi\u0107a, podsje\u0107aju\u0107i nas na stradanja i hrabrost grada heroja. U\u010denice Jana Lena i Lucija pripremile su molitvu za branitelje, Vukovar i domovinu, \u010dime su dodatno naglasile va\u017enost zahvalnosti i sje\u0107anja.<\/p>\n\n\n\n<p>Kroz ovaj kratki program u\u010denici i djelatnici \u0161kole odali su po\u010dast svim \u017ertvama i braniteljima te pokazali da se vrijednosti mira i zajedni\u0161tva prenose na nove generacije.<\/p>\n\n\n\n<figure class=\"wp-block-gallery has-nested-images columns-default is-cropped wp-block-gallery-1 is-layout-flex wp-block-gallery-is-layout-flex\">\n<figure class=\"wp-block-image size-large\"><img decoding=\"async\" width=\"462\" height=\"1024\" data-id=\"296178\" src=\"https:\/\/os-milna.skole.hr\/wp-content\/uploads\/sites\/2075\/2025\/12\/WhatsApp-Image-2025-11-14-at-11.03.50-462x1024.jpeg\" alt=\"\" class=\"wp-image-296178\" \/><\/figure>\n\n\n\n<figure class=\"wp-block-image size-large\"><img decoding=\"async\" width=\"462\" height=\"1024\" data-id=\"296184\" src=\"https:\/\/os-milna.skole.hr\/wp-content\/uploads\/sites\/2075\/2025\/12\/WhatsApp-Image-2025-11-14-at-11.03.53-462x1024.jpeg\" alt=\"\" class=\"wp-image-296184\" \/><\/figure>\n\n\n\n<figure class=\"wp-block-image size-large\"><img decoding=\"async\" width=\"1024\" height=\"462\" data-id=\"296181\" src=\"https:\/\/os-milna.skole.hr\/wp-content\/uploads\/sites\/2075\/2025\/12\/WhatsApp-Image-2025-11-14-at-11.03.54-1-1024x462.jpeg\" alt=\"\" class=\"wp-image-296181\" srcset=\"https:\/\/os-milna.skole.hr\/wp-content\/uploads\/sites\/2075\/2025\/12\/WhatsApp-Image-2025-11-14-at-11.03.54-1-980x442.jpeg 980w, https:\/\/os-milna.skole.hr\/wp-content\/uploads\/sites\/2075\/2025\/12\/WhatsApp-Image-2025-11-14-at-11.03.54-1-480x216.jpeg 480w\" sizes=\"(min-width: 0px) and (max-width: 480px) 480px, (min-width: 481px) and (max-width: 980px) 980px, (min-width: 981px) 1024px, 100vw\" \/><\/figure>\n\n\n\n<figure class=\"wp-block-image size-large\"><img decoding=\"async\" width=\"1024\" height=\"462\" data-id=\"296187\" src=\"https:\/\/os-milna.skole.hr\/wp-content\/uploads\/sites\/2075\/2025\/12\/WhatsApp-Image-2025-11-14-at-11.03.54-1024x462.jpeg\" alt=\"\" class=\"wp-image-296187\" srcset=\"https:\/\/os-milna.skole.hr\/wp-content\/uploads\/sites\/2075\/2025\/12\/WhatsApp-Image-2025-11-14-at-11.03.54-980x442.jpeg 980w, https:\/\/os-milna.skole.hr\/wp-content\/uploads\/sites\/2075\/2025\/12\/WhatsApp-Image-2025-11-14-at-11.03.54-480x216.jpeg 480w\" sizes=\"(min-width: 0px) and (max-width: 480px) 480px, (min-width: 481px) and (max-width: 980px) 980px, (min-width: 981px) 1024px, 100vw\" \/><\/figure>\n<\/figure>\n","protected":false},"excerpt":{"rendered":"<p>Ispred \u0161kole obilje\u017eili smo Dan sje\u0107anja na \u017ertvu Vukovara u dostojanstvenoj i emotivnoj atmosferi. Program je zapo\u010deo izvedbom \u0161kolskog zbora koji je otpjevao pjesmu \u201eMoja zemlja Hrvatska\u201c. U\u010denici Pave i Renzo recitirali su odabrane stihove Sini\u0161e Glava\u0161evi\u0107a, podsje\u0107aju\u0107i nas na stradanja i hrabrost grada heroja. U\u010denice Jana Lena i Lucija pripremile su molitvu za branitelje, [&hellip;]<\/p>\n","protected":false},"author":3350,"featured_media":296187,"comment_status":"closed","ping_status":"closed","sticky":false,"template":"","format":"standard","meta":{"_et_pb_use_builder":"off","_et_pb_old_content":"","_et_gb_content_width":"","footnotes":""},"categories":[1],"tags":[],"class_list":["post-296175","post","type-post","status-publish","format-standard","has-post-thumbnail","hentry","category-nekategorizirano"],"_links":{"self":[{"href":"https:\/\/os-milna.skole.hr\/index.php?rest_route=\/wp\/v2\/posts\/296175","targetHints":{"allow":["GET"]}}],"collection":[{"href":"https:\/\/os-milna.skole.hr\/index.php?rest_route=\/wp\/v2\/posts"}],"about":[{"href":"https:\/\/os-milna.skole.hr\/index.php?rest_route=\/wp\/v2\/types\/post"}],"author":[{"embeddable":true,"href":"https:\/\/os-milna.skole.hr\/index.php?rest_route=\/wp\/v2\/users\/3350"}],"replies":[{"embeddable":true,"href":"https:\/\/os-milna.skole.hr\/index.php?rest_route=%2Fwp%2Fv2%2Fcomments&post=296175"}],"version-history":[{"count":1,"href":"https:\/\/os-milna.skole.hr\/index.php?rest_route=\/wp\/v2\/posts\/296175\/revisions"}],"predecessor-version":[{"id":296190,"href":"https:\/\/os-milna.skole.hr\/index.php?rest_route=\/wp\/v2\/posts\/296175\/revisions\/296190"}],"wp:featuredmedia":[{"embeddable":true,"href":"https:\/\/os-milna.skole.hr\/index.php?rest_route=\/wp\/v2\/media\/296187"}],"wp:attachment":[{"href":"https:\/\/os-milna.skole.hr\/index.php?rest_route=%2Fwp%2Fv2%2Fmedia&parent=296175"}],"wp:term":[{"taxonomy":"category","embeddable":true,"href":"https:\/\/os-milna.skole.hr\/index.php?rest_route=%2Fwp%2Fv2%2Fcategories&post=296175"},{"taxonomy":"post_tag","embeddable":true,"href":"https:\/\/os-milna.skole.hr\/index.php?rest_route=%2Fwp%2Fv2%2Ftags&post=296175"}],"curies":[{"name":"wp","href":"https:\/\/api.w.org\/{rel}","templated":true}]}}