{"id":297850,"date":"2026-09-04T09:25:46","date_gmt":"2026-09-04T07:25:46","guid":{"rendered":"https:\/\/os-milna.skole.hr\/?p=297850"},"modified":"2026-09-04T09:27:38","modified_gmt":"2026-09-04T07:27:38","slug":"pocetak-nove-skolske-godine","status":"publish","type":"post","link":"https:\/\/os-milna.skole.hr\/?p=297850","title":{"rendered":"Po\u010detak nove \u0161kolske godine"},"content":{"rendered":"\n<p><strong>Po\u0161tovani roditelji, dragi u\u010denici,<\/strong><\/p>\n\n\n\n<p><strong>u ponedjeljak, 7. rujna po\u010dinje nova nastavna godina.<\/strong><\/p>\n\n\n\n<p>Nastava po\u010dinje u 8:10h po skra\u0107enom rasporedu.<\/p>\n\n\n\n<p><em><strong>U\u010denici nose torbe zbog preuzimanja&nbsp;ud\u017ebenika i ostalih materijala.<\/strong><\/em><\/p>\n\n\n\n<p><em>Sve\u010dani prijem prva\u0161a je u 11:00h.<\/em><\/p>\n","protected":false},"excerpt":{"rendered":"<p>Po\u0161tovani roditelji, dragi u\u010denici, u ponedjeljak, 7. rujna po\u010dinje nova nastavna godina. Nastava po\u010dinje u 8:10h po skra\u0107enom rasporedu. U\u010denici nose torbe zbog preuzimanja&nbsp;ud\u017ebenika i ostalih materijala. Sve\u010dani prijem prva\u0161a je u 11:00h.<\/p>\n","protected":false},"author":3350,"featured_media":0,"comment_status":"closed","ping_status":"closed","sticky":false,"template":"","format":"standard","meta":{"_et_pb_use_builder":"off","_et_pb_old_content":"","_et_gb_content_width":"","footnotes":""},"categories":[1],"tags":[],"class_list":["post-297850","post","type-post","status-publish","format-standard","hentry","category-nekategorizirano"],"_links":{"self":[{"href":"https:\/\/os-milna.skole.hr\/index.php?rest_route=\/wp\/v2\/posts\/297850","targetHints":{"allow":["GET"]}}],"collection":[{"href":"https:\/\/os-milna.skole.hr\/index.php?rest_route=\/wp\/v2\/posts"}],"about":[{"href":"https:\/\/os-milna.skole.hr\/index.php?rest_route=\/wp\/v2\/types\/post"}],"author":[{"embeddable":true,"href":"https:\/\/os-milna.skole.hr\/index.php?rest_route=\/wp\/v2\/users\/3350"}],"replies":[{"embeddable":true,"href":"https:\/\/os-milna.skole.hr\/index.php?rest_route=%2Fwp%2Fv2%2Fcomments&post=297850"}],"version-history":[{"count":3,"href":"https:\/\/os-milna.skole.hr\/index.php?rest_route=\/wp\/v2\/posts\/297850\/revisions"}],"predecessor-version":[{"id":297862,"href":"https:\/\/os-milna.skole.hr\/index.php?rest_route=\/wp\/v2\/posts\/297850\/revisions\/297862"}],"wp:attachment":[{"href":"https:\/\/os-milna.skole.hr\/index.php?rest_route=%2Fwp%2Fv2%2Fmedia&parent=297850"}],"wp:term":[{"taxonomy":"category","embeddable":true,"href":"https:\/\/os-milna.skole.hr\/index.php?rest_route=%2Fwp%2Fv2%2Fcategories&post=297850"},{"taxonomy":"post_tag","embeddable":true,"href":"https:\/\/os-milna.skole.hr\/index.php?rest_route=%2Fwp%2Fv2%2Ftags&post=297850"}],"curies":[{"name":"wp","href":"https:\/\/api.w.org\/{rel}","templated":true}]}}